{"id":274,"date":"2016-07-06T17:08:10","date_gmt":"2016-07-06T16:08:10","guid":{"rendered":"https:\/\/fr.muslimmemo.com\/?p=274"},"modified":"2016-07-06T17:08:10","modified_gmt":"2016-07-06T16:08:10","slug":"lecons-salat-al-eid","status":"publish","type":"post","link":"https:\/\/muslimmemo.com\/fr\/lecons-salat-al-eid\/","title":{"rendered":"Le\u00e7ons que nous pouvons tirer de Salat al-Eid"},"content":{"rendered":"<p>Chaque ann\u00e9e, la fin du Ramadan est marqu\u00e9e par l&rsquo;A\u00efd al-Fitr. Il est triste de laisser partir le Ramadan, mais nous saluons \u00e9galement l&rsquo;A\u00efd qu&rsquo;Allah (SWT) nous a enjoint en tant que faveur apr\u00e8s 29\/30 jours de je\u00fbne. L&rsquo;une des Sunnah les plus importantes (ou Wajib ou Fard, bas\u00e9e sur la diff\u00e9rence d&rsquo;opinions des \u00e9rudits) est Salat al-Eid, ou la pri\u00e8re de l&rsquo;A\u00efd.<\/p>\n<p>Il n&rsquo;est pas rare que de nombreux musulmans assistent aux cinq pri\u00e8res quotidiennes dans la mosqu\u00e9e, mais assister \u00e0 la Salat al-Eid est diff\u00e9rent. Il a une perspective beaucoup plus large.<\/p>\n<p>Cet article fournit quelques r\u00e9flexions sur Salat al-Eid, ainsi que la mani\u00e8re et la nature des pri\u00e8res de l&rsquo;A\u00efd.<\/p>\n<p><!--more--><\/p>\n<h2>Le\u00e7ons que nous pouvons tirer de<\/h2>\n<h2>Salat al-Eid<\/h2>\n<h3>Equality Among All<\/h3>\n<p>C&rsquo;est un sujet moins abord\u00e9 dans les discussions islamiques, malgr\u00e9 son importance.<\/p>\n<p>Dans son sermon d&rsquo;adieu, le proph\u00e8te Mahomet (PSL) a d\u00e9clar\u00e9: [1]<\/p>\n<blockquote><p>Aucun Arabe n&rsquo;est sup\u00e9rieur \u00e0 un non-Arabe, et aucun blanc n&rsquo;est sup\u00e9rieur au noir, ni un noir sur blanc et la sup\u00e9riorit\u00e9 est due \u00e0 la justice et \u00e0 la crainte d&rsquo;Allah seulement.<\/p><\/blockquote>\n<p>Pendant Salah, et en particulier \u00e0 Salat al-Eid, nous pouvons observer que des personnes de diff\u00e9rents statuts \u00e9conomiques, nationalit\u00e9s et races se r\u00e9unissent. Cela nous fait r\u00e9aliser \u00e0 quel point nous sommes tous \u00e9gaux devant Allah (SWT) et ne diff\u00e9rons qu&rsquo;en termes de pi\u00e9t\u00e9 et de bonnes actions. C&rsquo;est une le\u00e7on importante que nous, en tant que musulmans, devons souvent nous rappeler.<\/p>\n<h3>La v\u00e9rit\u00e9 ultime<\/h3>\n<p>Nous savons que l&rsquo;islam est la v\u00e9rit\u00e9 ultime, mais pour la plupart d&rsquo;entre nous, c&rsquo;est juste un fait auquel nous croyons. Nous ne nous soucions plus de pratiquer l&rsquo;islam comme une v\u00e9rit\u00e9, mais plut\u00f4t de le consid\u00e9rer uniquement comme un ensemble de directives religieuses.<\/p>\n<p>La pri\u00e8re de l&rsquo;A\u00efd est un bon moment pour nous de r\u00e9fl\u00e9chir et d&rsquo;introspection sur la nature et le but de l&rsquo;Islam. Avant la Salah, il y a un r\u00e9cit continu de Takbir (\u00abAllah est le plus grand, Allah est le plus grand, Allah est le plus grand, il n&rsquo;y a de dieu qu&rsquo;Allah, Allah est le plus grand, Allah est le plus grand, Allah est le plus grand, et toute louange \u00e0 Allah \u00bb).<\/p>\n<p>L&rsquo;\u00e9coute du Takbir peut cr\u00e9er un sentiment \u00e9norme. Il p\u00e9n\u00e8tre directement dans nos c\u0153urs et met en nous l&rsquo;amour et la crainte d&rsquo;Allah. Nous le glorifions et le louons pour les jours b\u00e9nis du Ramadan, les c\u00e9l\u00e9brations du jour de l&rsquo;A\u00efd et pour toutes les autres b\u00e9n\u00e9dictions qu&rsquo;il nous a accord\u00e9es.<\/p>\n<p>La le\u00e7on de la pri\u00e8re de l&rsquo;A\u00efd est que m\u00eame si vous vous sentez faible et triste, N&rsquo;ARR\u00caTEZ PAS! Continuez et continuez parce que ce qui compte, c&rsquo;est la fin, pas le d\u00e9but.<\/p>\n<h3>Communaut\u00e9 et Unit\u00e9<\/h3>\n<p>L&rsquo;aspect \u00e9tonnant de Salat al-Eid est que les femmes, les enfants et les personnes \u00e2g\u00e9es, qui ex\u00e9cutent normalement leur Salah \u00e0 la maison, peuvent se joindre \u00e0 ce rassemblement. Le Proph\u00e8te Muhammad (PSL) a dit: [2]<\/p>\n<p>Faites sortir les femmes qui ont atteint la pubert\u00e9 et celles qui sont isol\u00e9es afin qu&rsquo;elles puissent assister \u00e0 la pri\u00e8re de l&rsquo;A\u00efd et (se joindre \u00e0) la supplication.<br \/>\nLa fraternit\u00e9 et l&rsquo;unit\u00e9 sont un facteur important dans l&rsquo;islam. \u00c0 des occasions telles que la pri\u00e8re de l&rsquo;A\u00efd, nous pouvons voir et rencontrer d&rsquo;autres membres de la communaut\u00e9. Cela nous fait r\u00e9aliser que nous faisons partie d\u2019une communaut\u00e9 beaucoup plus large &#8211; la Oumma de notre Proph\u00e8te (PSL) &#8211; plut\u00f4t que d\u2019\u00eatre \u00abjuste moi et ma famille\u00bb. Les gens ont tendance \u00e0 \u00e9changer des salutations, des bonbons, etc. en cette occasion b\u00e9nie. C&rsquo;est l\u00e0 que nous ressentons r\u00e9ellement le v\u00e9ritable esprit d&rsquo;unit\u00e9 dans l&rsquo;Islam.<\/p>\n<p>Qu&rsquo;Allah (SWT) nous donne une fin heureuse \u00e0 ce Ramadan et un Eid b\u00e9ni!<\/p>\n<h3>R\u00e9f\u00e9rences<\/h3>\n<p>Le dernier sermon du proph\u00e8te Mahomet (PSL)<br \/>\nSunan Ibn Majah Volume 01, Livre 05, Hadith 1308<\/p>\n","protected":false},"excerpt":{"rendered":"<p>Chaque ann\u00e9e, la fin du Ramadan est marqu\u00e9e par l&rsquo;A\u00efd al-Fitr. Il est triste de laisser partir le Ramadan, mais nous saluons \u00e9galement l&rsquo;A\u00efd qu&rsquo;Allah (SWT) nous a enjoint en tant que faveur apr\u00e8s 29\/30 jours de je\u00fbne. L&rsquo;une des Sunnah les plus importantes (ou Wajib ou Fard, bas\u00e9e sur la diff\u00e9rence d&rsquo;opinions des \u00e9rudits) [&hellip;]<\/p>\n","protected":false},"author":1,"featured_media":277,"comment_status":"open","ping_status":"open","sticky":false,"template":"","format":"standard","meta":{"_seopress_robots_primary_cat":"none","_seopress_titles_title":" %%post_title%% %%sep%% %%sitetitle%%","_seopress_titles_desc":"Chaque ann\u00e9e, la fin du Ramadan est marqu\u00e9e par l&#039;A\u00efd al-Fitr.","_seopress_robots_index":"","footnotes":""},"categories":[4],"tags":[16,19,20,22,35],"class_list":["post-274","post","type-post","status-publish","format-standard","has-post-thumbnail","hentry","category-islam","tag-doua","tag-eid-al-adha","tag-eid-al-fitr","tag-la-foi","tag-inspiration"],"_links":{"self":[{"href":"https:\/\/muslimmemo.com\/fr\/wp-json\/wp\/v2\/posts\/274","targetHints":{"allow":["GET"]}}],"collection":[{"href":"https:\/\/muslimmemo.com\/fr\/wp-json\/wp\/v2\/posts"}],"about":[{"href":"https:\/\/muslimmemo.com\/fr\/wp-json\/wp\/v2\/types\/post"}],"author":[{"embeddable":true,"href":"https:\/\/muslimmemo.com\/fr\/wp-json\/wp\/v2\/users\/1"}],"replies":[{"embeddable":true,"href":"https:\/\/muslimmemo.com\/fr\/wp-json\/wp\/v2\/comments?post=274"}],"version-history":[{"count":0,"href":"https:\/\/muslimmemo.com\/fr\/wp-json\/wp\/v2\/posts\/274\/revisions"}],"wp:featuredmedia":[{"embeddable":true,"href":"https:\/\/muslimmemo.com\/fr\/wp-json\/wp\/v2\/media\/277"}],"wp:attachment":[{"href":"https:\/\/muslimmemo.com\/fr\/wp-json\/wp\/v2\/media?parent=274"}],"wp:term":[{"taxonomy":"category","embeddable":true,"href":"https:\/\/muslimmemo.com\/fr\/wp-json\/wp\/v2\/categories?post=274"},{"taxonomy":"post_tag","embeddable":true,"href":"https:\/\/muslimmemo.com\/fr\/wp-json\/wp\/v2\/tags?post=274"}],"curies":[{"name":"wp","href":"https:\/\/api.w.org\/{rel}","templated":true}]}}