{"id":502,"date":"2015-12-19T10:21:43","date_gmt":"2015-12-19T09:21:43","guid":{"rendered":"https:\/\/fr.muslimmemo.com\/?p=502"},"modified":"2026-02-16T17:18:42","modified_gmt":"2026-02-16T11:48:42","slug":"accords-de-dayton-1995","status":"publish","type":"post","link":"https:\/\/muslimmemo.com\/fr\/accords-de-dayton-1995\/","title":{"rendered":"Se souvenir des accords de Dayton, 1995"},"content":{"rendered":"<p><span dir=\"auto\" style=\"vertical-align: inherit\"><span dir=\"auto\" style=\"vertical-align: inherit\">In the early 1990s, war broke out in Bosnia and Herzegovina. More than 100,000 people lost their lives and over two million were displaced. Rape, prison camps, and the genocide of Bosnian Muslims became commonplace during the war, and it would eventually be remembered as the worst conflict in Europe since the end of World War II.<\/span><\/span><\/p>\n<p>&nbsp;<\/p>\n<p><span dir=\"auto\" style=\"vertical-align: inherit\"><span dir=\"auto\" style=\"vertical-align: inherit\">Peace was established on November 21, 1995, under the General Framework Agreement for Peace, commonly known as the Dayton Accords. Formally signed on December 14, 1995, the Dayton Accords are now remembered as an unjust treaty that ended the war but preserved hostilities.<\/span><\/span><\/p>\n<p><!--more--><\/p>\n<h2><span dir=\"auto\" style=\"vertical-align: inherit\"><span dir=\"auto\" style=\"vertical-align: inherit\">Memories of the Dayton Accords, 1995<\/span><\/span><\/h2>\n<h3><span dir=\"auto\" style=\"vertical-align: inherit\"><span dir=\"auto\" style=\"vertical-align: inherit\">The Bosnian War of the 1990s<\/span><\/span><\/h3>\n<p><span dir=\"auto\" style=\"vertical-align: inherit\"><span dir=\"auto\" style=\"vertical-align: inherit\">The war in Bosnia and Herzegovina was triggered by a series of mass atrocities against Bosnian Muslims and fueled by the indecision of the UN and NATO, and the bias of the European Union. In fact, to avoid being killed, Bosniaks repeatedly called for the lifting of the arms embargo. With the arms embargo in place, Bosniaks have no means of defending themselves against the heavily armed and well-equipped Serb and Croat armies.<\/span><\/span><\/p>\n<p><span dir=\"auto\" style=\"vertical-align: inherit\"><span dir=\"auto\" style=\"vertical-align: inherit\">However, the members of the European Union have consistently refused to adjust or eliminate the arms embargo, leaving the people of Bosnia and Herzegovina without any means of self-defense. As Taylor Branch noted in his famous book, \u00ab\u00a0The Clinton Tapes,\u00a0\u00bb Europe was more than happy to see Bosnian Muslims massacred by Serbs and Croats.<\/span><\/span><\/p>\n<blockquote><p><span dir=\"auto\" style=\"vertical-align: inherit\"><span dir=\"auto\" style=\"vertical-align: inherit\">That an independent Bosnia would be \u00ab\u00a0unnatural\u00a0\u00bb as the only Muslim nation in Europe.<\/span><\/span><\/p>\n<p><span dir=\"auto\" style=\"vertical-align: inherit\"><span dir=\"auto\" style=\"vertical-align: inherit\">French President Fran\u00e7ois Mitterrand had been particularly direct in saying that Bosnia did not belong to us and that British officials were talking about a painful but realistic restoration of Christian Europe.<\/span><\/span><\/p><\/blockquote>\n<p><span dir=\"auto\" style=\"vertical-align: inherit\"><span dir=\"auto\" style=\"vertical-align: inherit\">After all, in Europe, Islamophobia and racism are not a recent phenomenon.<\/span><\/span><\/p>\n<h3><span dir=\"auto\" style=\"vertical-align: inherit\"><span dir=\"auto\" style=\"vertical-align: inherit\">Genocide in Srebrenica, peace in Dayton<\/span><\/span><\/h3>\n<p><span dir=\"auto\" style=\"vertical-align: inherit\"><span dir=\"auto\" style=\"vertical-align: inherit\">The situation spiraled out of control in 1995 with the Srebrenica massacre. This was a planned genocide in which over 8,000 Bosniaks were killed and more than 40,000 people were expelled from a UN \u201csafe zone\u201d supposedly protected by Dutch peacekeepers. To make matters worse, Western powers, according to declassified US documents, were already aware that the Serbs were planning to attack Srebrenica but chose to remain silent.<\/span><\/span><\/p>\n<p><span dir=\"auto\" style=\"vertical-align: inherit\"><span dir=\"auto\" style=\"vertical-align: inherit\">Following the Srebrenica incident, NATO launched a bombing campaign in the region, and ultimately, the momentum shifted toward a ceasefire. Peace negotiations in Dayton, Ohio (USA) resulted in the Dayton Accords, signed by Franjo Tudjman, President of Croatia, Slobodan Milosevic, President of Serbia, and Alija Izetbegovic, President of Bosnia and Herzegovina.<\/span><\/span><\/p>\n<p><span dir=\"auto\" style=\"vertical-align: inherit\"><span dir=\"auto\" style=\"vertical-align: inherit\">Milosevic would later receive the recognition he deserved and be tried as a war criminal, but for some Serbs, he remains a war hero to this day.<\/span><\/span><\/p>\n<h3><span dir=\"auto\" style=\"vertical-align: inherit\"><span dir=\"auto\" style=\"vertical-align: inherit\">The result<\/span><\/span><\/h3>\n<p><span dir=\"auto\" style=\"vertical-align: inherit\"><span dir=\"auto\" style=\"vertical-align: inherit\">The Dayton Accords ended the war, but failed to eliminate hostilities. In fact, it was an unjust treaty, simply because the parties involved had their own set of flaws. The Bosnian delegation lacked unity and a common goal\u2014this is certainly no surprise; after all, if the Muslim entities had been united, none of the Western atrocities would have occurred in the first place! The Serbian delegation, led by Milo\u0161evi\u0107, had no interest in peace and simply wanted to escape responsibility for their crimes. The Croats, on the other hand, cared little for their neighbors. As <\/span><\/span><a href=\"http:\/\/www.amazon.com\/Road-Dayton-Accords-American-Statecraft\/dp\/1137348054\"><span dir=\"auto\" style=\"vertical-align: inherit\"><span dir=\"auto\" style=\"vertical-align: inherit\">Richard Holbrooke<\/span><\/span><\/a><span dir=\"auto\" style=\"vertical-align: inherit\"><span dir=\"auto\" style=\"vertical-align: inherit\"> , head of the American delegation in Dayton, noted:<\/span><\/span><\/p>\n<blockquote><p><span dir=\"auto\" style=\"vertical-align: inherit\"><span dir=\"auto\" style=\"vertical-align: inherit\">Each side challenged the prospects for success in its own way: the Bosnians were disorganized, Milosevic dishonest, and Tudjman disengaged.<\/span><\/span><\/p><\/blockquote>\n<h3><span dir=\"auto\" style=\"vertical-align: inherit\"><span dir=\"auto\" style=\"vertical-align: inherit\">Conclusion<\/span><\/span><\/h3>\n<p><span dir=\"auto\" style=\"vertical-align: inherit\"><span dir=\"auto\" style=\"vertical-align: inherit\">Following the Dayton Accords, Bosnia and Herzegovina was divided into two parts: almost 51% of the territory was given to the Federation of Bosnia and Herzegovina, while 49% of the territory went to the Republica Srpska.<\/span><\/span><\/p>\n<p><img loading=\"lazy\" decoding=\"async\" class=\"alignnone size-full wp-image-1572\" src=\"https:\/\/muslimmemo.com\/fr\/wp-content\/uploads\/sites\/3\/2015\/12\/carte-des-accords-de-dayton-300x284-1.png\" alt=\"carte-des-accords-de-dayton-300x284\" width=\"300\" height=\"284\" \/><\/p>\n<p><span dir=\"auto\" style=\"vertical-align: inherit\"><span dir=\"auto\" style=\"vertical-align: inherit\">Naturally, the Accords failed to deliver justice: the creation of the Republica Srpska meant the creation of a new entity founded on genocide and the ethnic cleansing of innocent people. By accepting Milo\u0161evi\u0107&rsquo;s unjust demands and creating the Republica Srpska, the architects of the Dayton Accords ignored the crimes of genocide and simply rewarded the perpetrators.<\/span><\/span><\/p>\n<p><span dir=\"auto\" style=\"vertical-align: inherit\"><span dir=\"auto\" style=\"vertical-align: inherit\">Today, two decades have passed, but the shadow of the 1990s conflict persists. Heterogeneous coexistence is relatively unknown in the region, and nationalist and communal tensions remain endemic.<\/span><\/span><\/p>\n<p><span dir=\"auto\" style=\"vertical-align: inherit\"><span dir=\"auto\" style=\"vertical-align: inherit\">However, the Dayton Accords deserve some credit. At the time, the war would not have ended without them. Moreover, today, despite ethnic polarization, Bosnia and Herzegovina remains a united state. The future cannot be predicted, and while ethnic, regional, and communal tensions persist, the prospects for peace are not entirely hopeless.<\/span><\/span><\/p>\n<p><span dir=\"auto\" style=\"vertical-align: inherit\"><span dir=\"auto\" style=\"vertical-align: inherit\">All images (C) Wikimedia Commons<\/span><\/span><\/p>\n","protected":false},"excerpt":{"rendered":"<p>In the early 1990s, war broke out in Bosnia and Herzegovina. More than 100,000 people lost their lives and over two million were displaced. Rape, prison camps, and the genocide of Bosnian Muslims became commonplace during the war, and it would eventually be remembered as the worst conflict in Europe since the end of World [&hellip;]<\/p>\n","protected":false},"author":1,"featured_media":504,"comment_status":"open","ping_status":"open","sticky":false,"template":"","format":"standard","meta":{"_seopress_robots_primary_cat":"none","_seopress_titles_title":"%%post_title%% %%sep%% %%sitetitle%%","_seopress_titles_desc":"Au d\u00e9but des ann\u00e9es 90, une guerre a \u00e9clat\u00e9 en Bosnie-Herz\u00e9govine.","_seopress_robots_index":"","footnotes":""},"categories":[5],"tags":[21,25,36,43,57,72,74,75],"class_list":["post-502","post","type-post","status-publish","format-standard","has-post-thumbnail","hentry","category-affaires-en-cours","tag-europe","tag-genocide","tag-relations-internationales","tag-islamophobie","tag-politique","tag-terrorisme","tag-guerre","tag-le-monde-occidental"],"_links":{"self":[{"href":"https:\/\/muslimmemo.com\/fr\/wp-json\/wp\/v2\/posts\/502","targetHints":{"allow":["GET"]}}],"collection":[{"href":"https:\/\/muslimmemo.com\/fr\/wp-json\/wp\/v2\/posts"}],"about":[{"href":"https:\/\/muslimmemo.com\/fr\/wp-json\/wp\/v2\/types\/post"}],"author":[{"embeddable":true,"href":"https:\/\/muslimmemo.com\/fr\/wp-json\/wp\/v2\/users\/1"}],"replies":[{"embeddable":true,"href":"https:\/\/muslimmemo.com\/fr\/wp-json\/wp\/v2\/comments?post=502"}],"version-history":[{"count":1,"href":"https:\/\/muslimmemo.com\/fr\/wp-json\/wp\/v2\/posts\/502\/revisions"}],"predecessor-version":[{"id":1573,"href":"https:\/\/muslimmemo.com\/fr\/wp-json\/wp\/v2\/posts\/502\/revisions\/1573"}],"wp:featuredmedia":[{"embeddable":true,"href":"https:\/\/muslimmemo.com\/fr\/wp-json\/wp\/v2\/media\/504"}],"wp:attachment":[{"href":"https:\/\/muslimmemo.com\/fr\/wp-json\/wp\/v2\/media?parent=502"}],"wp:term":[{"taxonomy":"category","embeddable":true,"href":"https:\/\/muslimmemo.com\/fr\/wp-json\/wp\/v2\/categories?post=502"},{"taxonomy":"post_tag","embeddable":true,"href":"https:\/\/muslimmemo.com\/fr\/wp-json\/wp\/v2\/tags?post=502"}],"curies":[{"name":"wp","href":"https:\/\/api.w.org\/{rel}","templated":true}]}}