{"id":834,"date":"2015-05-30T09:23:18","date_gmt":"2015-05-30T08:23:18","guid":{"rendered":"https:\/\/fr.muslimmemo.com\/?p=834"},"modified":"2015-05-30T09:23:18","modified_gmt":"2015-05-30T08:23:18","slug":"crise-intellectuelle-oummah-musulmane","status":"publish","type":"post","link":"https:\/\/muslimmemo.com\/fr\/crise-intellectuelle-oummah-musulmane\/","title":{"rendered":"Crise intellectuelle de la Oummah musulmane"},"content":{"rendered":"<p>R\u00e9cemment, je suis revenu apr\u00e8s avoir assist\u00e9 \u00e0 une conf\u00e9rence \u00e0 l&rsquo;Universit\u00e9 musulmane d&rsquo;Aligarh sur le th\u00e8me \u00abCrise intellectuelle de la Oummah musulmane: repenser les solutions traditionnelles\u00bb. J&rsquo;ai pris la parole lors d&rsquo;une s\u00e9ance qui avait pr\u00e9sid\u00e9 M. Rashid Shaz (l&rsquo;organisateur de la conf\u00e9rence) et M. Zameeruddin Shah, VC, Maulana Kalb-e-Sadiq, M. Mujtaba Farooq, le professeur Ali Naqvi et le professeur Irfan Habib [ l&rsquo;\u00e9minent historien marxiste] sur l&rsquo;estrade.<\/p>\n<p><!--more--><\/p>\n<p>La majorit\u00e9 des discussions qui m&rsquo;ont pr\u00e9c\u00e9d\u00e9 ont port\u00e9 sur les divisions au sein de la communaut\u00e9, et plusieurs pourparlers ont soulev\u00e9 des questions qui auraient pu cr\u00e9er une temp\u00eate s&rsquo;il s&rsquo;agissait d&rsquo;une r\u00e9union publique. Certains orateurs semblaient extr\u00eamement pessimistes quant \u00e0 la possibilit\u00e9 d&rsquo;une unit\u00e9.<\/p>\n<p>Juste avant mon tour de parole, le professeur Irfan Habib a s\u00e9v\u00e8rement critiqu\u00e9 les \u00e9rudits islamiques pour avoir tent\u00e9 d&rsquo;invoquer les principes islamiques en mati\u00e8re de science et a sugg\u00e9r\u00e9 qu&rsquo;au lieu de se concentrer beaucoup sur la religion, l&rsquo;humanit\u00e9 devrait s&rsquo;efforcer de suivre une voie mod\u00e9r\u00e9e. Chaque orateur disposait de 3 \u00e0 7 minutes. J&rsquo;ai eu la chance de disposer de sept minutes. J&rsquo;essaye de reproduire ci-dessous ce que j&rsquo;ai r\u00e9ussi \u00e0 parler dans le temps imparti:<\/p>\n<p>\u00abJe m&rsquo;excuse, \u00e0 l&rsquo;avance, si certaines de mes affirmations blessent certaines des personnalit\u00e9s assises ici. Cependant, je dois dire ce que je pense car, depuis hier, presque tous les orateurs ne parlent que du r\u00f4le des musulmans dans les conflits mondiaux, bl\u00e2mant, bien s\u00fbr, les musulmans seuls pour la violence internationale.<\/p>\n<p>\u00ab\u00a0Je commencerai par un verset du Coran,\u00a0\u00bb Kitaabal-ladee Anzalnaahu ilaika Litukhrijan Naasi mina Zzulumaati ilan-Noor \u00ab\u00a0qui signifie:\u00a0\u00bb Ceci est le Livre qui vous a \u00e9t\u00e9 envoy\u00e9 (O Muhammad!), Afin qu&rsquo;il peut faire sortir l&rsquo;humanit\u00e9 des couches de t\u00e9n\u00e8bres vers la lumi\u00e8re \u00bb.<\/p>\n<p>\u00abMesdames et messieurs, cette chose\u00ab sombre \u00bbest une chose \u00e9trange. La v\u00e9rit\u00e9 est que les t\u00e9n\u00e8bres ne sont rien en soi, car elles n&rsquo;ont pas d&rsquo;entit\u00e9 propre. L&rsquo;obscurit\u00e9 signifie seulement l&rsquo;absence de lumi\u00e8re, et cela ne pr\u00e9vaut que lorsque la lumi\u00e8re est \u00e9teinte ou bloqu\u00e9e. Malheureusement, la Oummah ne peut pas voir que le monde entier aujourd&rsquo;hui est envelopp\u00e9 de t\u00e9n\u00e8bres et \u00e0 moins de reconna\u00eetre et de comprendre la nature de cette tristesse, ils ne seraient pas en mesure d&rsquo;\u00e9liminer les t\u00e9n\u00e8bres \u00e0 travers la Lumi\u00e8re qu&rsquo;ils poss\u00e8dent, mais ne sont pas capables de d\u00e9couvrir.<\/p>\n<p>\u00abSi quelqu&rsquo;un a la fausse id\u00e9e que nous vivons dans un monde de science, il se trompe. Si quelqu&rsquo;un pense que l&rsquo;\u00e9thique a un r\u00f4le, lui aussi a tort, la religion, bien s\u00fbr, a peu de r\u00f4le \u00e0 jouer dans l&rsquo;ordre mondial actuel. Le monde d\u2019aujourd\u2019hui n\u2019est qu\u2019un monde d\u2019\u00e9conomie o\u00f9 le fondamentalisme \u00e9conomique domine pratiquement le monde. Gr\u00e2ce au think-tank du fondamentalisme \u00e9conomique, nous vivons dans un monde o\u00f9 la justice a \u00e9t\u00e9 sacrifi\u00e9e sous les yeux de la Statue de la Libert\u00e9 et o\u00f9 il est plus facile d&rsquo;\u00eatre mauvais que d&rsquo;\u00eatre bon.<\/p>\n<p>\u00abJuste avant moi, il y avait une remarque ici que, au lieu de la religion, nous devrions adopter une voie interm\u00e9diaire. Je tiens \u00e0 souligner ici que l&rsquo;Islam est le syst\u00e8me mod\u00e9r\u00e9; tous les autres syst\u00e8mes sont orient\u00e9s vers l&rsquo;extr\u00e9misme. La commercialisation du mal est la marque des syst\u00e8mes modernes.<\/p>\n<p>\u00abUne autre remarque a \u00e9t\u00e9 faite par un orateur \u00e9minent selon lequel un universitaire occidental qui parlait de l&rsquo;islam comme de la religion radicalis\u00e9e s&rsquo;est corrig\u00e9 apr\u00e8s lui avoir parl\u00e9 et a maintenant d\u00e9clar\u00e9 que les \u00e9l\u00e9ments de l&rsquo;islam ne sont pas tous, mais environ 4%, radicaux. Je veux lui dire qu&rsquo;il aurait d\u00fb dire au monsieur que, au lieu de l&rsquo;islam, c&rsquo;est l&rsquo;occidentalisme qui s&rsquo;est radicalis\u00e9 aujourd&rsquo;hui. L&rsquo;Occident veut perp\u00e9tuer son h\u00e9g\u00e9monie et n&rsquo;\u00e9coute aucun autre argument et utilise toute sa puissance de feu pour soumettre l&rsquo;humanit\u00e9 \u00e0 son syst\u00e8me.<\/p>\n<p>\u00abOn a beaucoup parl\u00e9 ici du r\u00f4le des musulmans dans l&rsquo;extr\u00e9misme violent. Nous ne discutons que du r\u00f4le musulman et n&rsquo;avons pas le courage de discuter du r\u00f4le occidental. Par exemple, je veux poser une question simple: les personnes qui ont ex\u00e9cut\u00e9 l&rsquo;explosion sur Twin Tower le 11 septembre ont p\u00e9ri avec l&rsquo;explosion. L&rsquo;homme qui a \u00e9t\u00e9 accus\u00e9 comme le cerveau a \u00e9t\u00e9 tu\u00e9 dans une op\u00e9ration isol\u00e9e environ 12 ans plus tard au Pakistan. Les musulmans, les organisations musulmanes et autres intellectuels et analystes du monde ont-ils le courage de demander au gouvernement am\u00e9ricain et \u00e0 son peuple: pourquoi ont-ils tu\u00e9 deux millions de personnes entre le jour de l&rsquo;explosion et la mort du cerveau? Comment l&rsquo;Am\u00e9rique doit-elle payer le prix de ces deux millions de morts innocents musulmans? Pourtant, il enseigne aux musulmans les le\u00e7ons de la paix. Dans presque tous les conflits violents, le r\u00f4le de l&rsquo;Occident et de son armement peut \u00eatre vu d&rsquo;un c\u00f4t\u00e9 ou de l&rsquo;autre.<\/p>\n<p>\u00abLes acteurs internationaux ont appris l&rsquo;art de cat\u00e9goriser la violence d&rsquo;une mani\u00e8re qui convient \u00e0 leurs conceptions. Toute violence qui est li\u00e9e &#8211; ou peut sembler li\u00e9e &#8211; \u00e0 une religion, en particulier l&rsquo;islam, est mise en \u00e9vidence et toute violence li\u00e9e \u00e0 leurs id\u00e9ologies ou \u00e0 leurs jeux est supprim\u00e9e. Les morts par guerre am\u00e9ricaine contre le terrorisme impliquant une violence bien plus grande que le terrorisme lui-m\u00eame sont ignor\u00e9es, le meurtre de 50 millions de f\u0153tus chaque ann\u00e9e est ignor\u00e9 car cela convient \u00e0 leurs strat\u00e9gies \u00e9conomiques et politiques. Qu&rsquo;est-ce qui peut \u00eatre une plus grande tache sur les droits de l&rsquo;homme que le fait que les \u00eatres humains \u00e0 na\u00eetre soient massacr\u00e9s\u00a0\u00e0 cette \u00e9chelle massive? Mais personne ne peut oser les d\u00e9fier.<\/p>\n<p>\u00abEn Inde, \u00e0 l&rsquo;occasion d&rsquo;un d\u00e9bat t\u00e9l\u00e9vis\u00e9, un porte-parole du BJP m&rsquo;a dit que &lsquo;bien que ce soit malheureux, mais la v\u00e9rit\u00e9 est que tous les terroristes en Inde sont musulmans.&rsquo; Je lui ai dit &#8211; M. Sonkar Shastri &#8211; que le contraire est vrai. Le terrorisme en Inde est presque un monopole hindou. Sur les quelque 41 000 morts li\u00e9es au terrorisme en Inde au cours des 25 derni\u00e8res ann\u00e9es, les groupes musulmans ne sont accus\u00e9s que d\u2019attentats tuant environ 1400 personnes. Sikhs. M\u00eame au niveau mondial, les terroristes tamouls ont tu\u00e9 plus de 150 000 personnes au Sri Lanka.<\/p>\n<p>\u00abCe qui est malheureux, c&rsquo;est que les intellectuels musulmans ont perdu la capacit\u00e9 d&rsquo;analyser la situation mondiale et sont devenus apolog\u00e9tiques et d\u00e9fensifs. Nous d\u00e9fendons toujours les attaques des autres analystes, et nous ne les questionnons pas sur ce qu&rsquo;ils font. Nous ne pouvons pas remettre en question les concepts, programmes, politiques et indices cr\u00e9\u00e9s par les forces mondiales de l&rsquo;h\u00e9g\u00e9monie, qui peuvent presque tous &#8211; y compris les param\u00e8tres de l&rsquo;indice de d\u00e9veloppement humain &#8211; \u00eatre remis en question. Par exemple, ils comptent l&rsquo;esp\u00e9rance de vie apr\u00e8s la naissance &#8211; et non apr\u00e8s la conception &#8211; simplement parce qu&rsquo;ils veulent cacher l&rsquo;ampleur des d\u00e9c\u00e8s de b\u00e9b\u00e9s non n\u00e9s innocents caus\u00e9s par leur r\u00e9volution sexuelle.<\/p>\n<p>\u00abSi l\u2019unit\u00e9 de la Oummah doit \u00eatre r\u00e9alis\u00e9e, elle ne peut \u00eatre r\u00e9alis\u00e9e que lorsque nous reconnaissons l\u2019objectif plus large de l\u2019islam, qui est destin\u00e9 \u00e0 la vraie paix de l\u2019humanit\u00e9 tout enti\u00e8re. Le besoin du moment est d&rsquo;appliquer les principes islamiques dans tous les domaines, y compris le droit, la sant\u00e9, l&rsquo;\u00e9conomie et la sociologie. Le jour o\u00f9 cela sera fait, les cam\u00e9ras ne seront plus utilis\u00e9es pour d\u00e9velopper la pornographie et l&rsquo;\u00e9nergie nucl\u00e9aire ne sera plus utilis\u00e9e pour fabriquer des bombes. Les sciences et la technologie signaleront alors un monde v\u00e9ritablement pacifique, et c&rsquo;est \u00e0 cela que nous devrions tous travailler.<\/p>\n<p>Je vous remercie.\u00a0\u00bb<\/p>\n","protected":false},"excerpt":{"rendered":"<p>R\u00e9cemment, je suis revenu apr\u00e8s avoir assist\u00e9 \u00e0 une conf\u00e9rence \u00e0 l&rsquo;Universit\u00e9 musulmane d&rsquo;Aligarh sur le th\u00e8me \u00abCrise intellectuelle de la Oummah musulmane: repenser les solutions traditionnelles\u00bb. J&rsquo;ai pris la parole lors d&rsquo;une s\u00e9ance qui avait pr\u00e9sid\u00e9 M. Rashid Shaz (l&rsquo;organisateur de la conf\u00e9rence) et M. Zameeruddin Shah, VC, Maulana Kalb-e-Sadiq, M. Mujtaba Farooq, le [&hellip;]<\/p>\n","protected":false},"author":1,"featured_media":836,"comment_status":"open","ping_status":"open","sticky":false,"template":"","format":"standard","meta":{"_seopress_robots_primary_cat":"none","_seopress_titles_title":" %%post_title%% %%sep%% %%sitetitle%%","_seopress_titles_desc":"R\u00e9cemment, je suis revenu apr\u00e8s avoir assist\u00e9 \u00e0 une conf\u00e9rence \u00e0 l&#039;Universit\u00e9 musulmane d&#039;Aligarh sur le th\u00e8me &quot;Crise intellectuelle de la Oummah musulmane&quot;.","_seopress_robots_index":"","footnotes":""},"categories":[7],"tags":[15,18,72],"class_list":["post-834","post","type-post","status-publish","format-standard","has-post-thumbnail","hentry","category-societe-et-culture","tag-islam-contemporain","tag-education","tag-terrorisme"],"_links":{"self":[{"href":"https:\/\/muslimmemo.com\/fr\/wp-json\/wp\/v2\/posts\/834","targetHints":{"allow":["GET"]}}],"collection":[{"href":"https:\/\/muslimmemo.com\/fr\/wp-json\/wp\/v2\/posts"}],"about":[{"href":"https:\/\/muslimmemo.com\/fr\/wp-json\/wp\/v2\/types\/post"}],"author":[{"embeddable":true,"href":"https:\/\/muslimmemo.com\/fr\/wp-json\/wp\/v2\/users\/1"}],"replies":[{"embeddable":true,"href":"https:\/\/muslimmemo.com\/fr\/wp-json\/wp\/v2\/comments?post=834"}],"version-history":[{"count":0,"href":"https:\/\/muslimmemo.com\/fr\/wp-json\/wp\/v2\/posts\/834\/revisions"}],"wp:featuredmedia":[{"embeddable":true,"href":"https:\/\/muslimmemo.com\/fr\/wp-json\/wp\/v2\/media\/836"}],"wp:attachment":[{"href":"https:\/\/muslimmemo.com\/fr\/wp-json\/wp\/v2\/media?parent=834"}],"wp:term":[{"taxonomy":"category","embeddable":true,"href":"https:\/\/muslimmemo.com\/fr\/wp-json\/wp\/v2\/categories?post=834"},{"taxonomy":"post_tag","embeddable":true,"href":"https:\/\/muslimmemo.com\/fr\/wp-json\/wp\/v2\/tags?post=834"}],"curies":[{"name":"wp","href":"https:\/\/api.w.org\/{rel}","templated":true}]}}