{"id":843,"date":"2015-05-28T10:55:35","date_gmt":"2015-05-28T09:55:35","guid":{"rendered":"https:\/\/fr.muslimmemo.com\/?p=843"},"modified":"2015-05-28T10:55:35","modified_gmt":"2015-05-28T09:55:35","slug":"islamophobie-medias-grand-public","status":"publish","type":"post","link":"https:\/\/muslimmemo.com\/fr\/islamophobie-medias-grand-public\/","title":{"rendered":"L&rsquo;islamophobie dans les m\u00e9dias grand public"},"content":{"rendered":"<p>L&rsquo;islamophobie est la haine, la peur ou les pr\u00e9jug\u00e9s envers l&rsquo;islam et les musulmans. Les gens sont-ils n\u00e9s avec? Ce n&rsquo;est \u00e9videmment pas le cas. Je pense que l\u2019islamophobie est enseign\u00e9e de toute sa vie. C\u2019est un peu comme du racisme, personne n\u2019est n\u00e9 raciste, mais selon la fa\u00e7on dont les parents \u00e9l\u00e8vent une personne, ou selon le type d\u2019amis que les gens ont, ou peut-\u00eatre m\u00eame les choses qu\u2019ils ont v\u00e9cues peuvent tout mener \u00e0 cela. Mais que se passerait-il si la cause principale de l&rsquo;islamophobie \u00e9tait en fait la principale source d&rsquo;information pour presque toutes les personnes dans le monde?<\/p>\n<p><!--more--><\/p>\n<p>Je fais clairement r\u00e9f\u00e9rence aux m\u00e9dias ici.<\/p>\n<p>Ces jours-ci, nos id\u00e9es du monde se forment en quelque sorte \u00e0 travers les m\u00e9dias. Que ce soit \u00e0 travers les informations ou dans un magazine que vous lisez, cette \u00e9mission de t\u00e9l\u00e9vision que vous aimez regarder, on nous apprend constamment \u00e0 penser aux choses. Ne vous m\u00e9prenez pas, je ne d\u00e9nigre pas les m\u00e9dias. C\u2019est incroyable de voir comment, de nos jours, nous pouvons vivre dans le plus petit village, mais nous savons toujours ce qui se passe dans d\u2019autres parties du monde. Mais avec chaque bonne chose vient une mauvaise.<\/p>\n<h3>Islam et m\u00e9dias<\/h3>\n<p>L&rsquo;Islam et les m\u00e9dias ont une relation d&rsquo;amour \/ haine. Les m\u00e9dias d\u00e9peignent souvent les musulmans comme des cr\u00e9atures diaboliques dont la journ\u00e9e consiste \u00e0 bombarder quelques zones, peut-\u00eatre d\u00e9capiter certaines personnes par la suite et pour finir la journ\u00e9e, aller abuser de quelques femmes. Je sais que j\u2019exag\u00e8re ici, mais nous ne pouvons pas nier que les musulmans et l\u2019islam n\u2019ont pas l\u2019image la plus positive de nos jours. Quand vous sortez et demandez aux gens ce qu&rsquo;ils associent aux musulmans, beaucoup de gens disent des choses comme ISIS ou Charlie Hebdo. Maintenant, ne vous m\u00e9prenez pas, je ne veux pas g\u00e9n\u00e9raliser, je crois vraiment qu&rsquo;il y a beaucoup de gens qui essaient de faire des efforts pour comprendre ce qu&rsquo;est l&rsquo;islam. Des gens qui essaient m\u00eame de parler aux musulmans pour tout comprendre. Mais nous ne pouvons pas non plus ignorer le fait qu&rsquo;il y a aussi beaucoup de gens qui n&rsquo;en ont pas.<\/p>\n<p>Je crois que c&rsquo;est principalement la faute des m\u00e9dias traditionnels et de la fa\u00e7on dont ils ressentent toujours le besoin de mettre l&rsquo;accent sur la religion. Pourquoi est-ce m\u00eame important qu&rsquo;un criminel soit juif, musulman ou ath\u00e9e? Le criminel est un criminel, point final. Pour expliquer ce que je veux dire, je voudrais vous donner l\u2019exemple du pilote Andreas Lubitz qui a fait expr\u00e8s de faire s&rsquo;\u00e9craser l\u2019avion et de tuer de nombreuses personnes avec lui. Lorsque nous avons appris cette nouvelle, on nous a dit que le copilote \u00e9tait d\u00e9prim\u00e9 et que c&rsquo;\u00e9tait probablement un acte de d\u00e9sespoir et qu&rsquo;il voulait se suicider. Ce n\u2019est qu\u2019apr\u00e8s quelques jours qu\u2019il a \u00e9t\u00e9 qualifi\u00e9 de terroriste. Si cet Andreas Lubitz avait \u00e9t\u00e9 musulman, il n\u2019y aurait probablement m\u00eame pas eu d\u2019espace pour penser qu\u2019il avait des probl\u00e8mes mentaux. Le monde l&rsquo;aurait imm\u00e9diatement trait\u00e9 de terroriste musulman et nous aurions probablement tous dit \u00abUgh, un musulman. Quoi de neuf!\u00a0\u00bb.<\/p>\n<h3>Que pouvons-nous faire?<\/h3>\n<p>Quand j&rsquo;\u00e9crivais cet article, je me demandais ce que je voulais r\u00e9aliser? Est-ce que je veux convaincre les gens qui d\u00e9testent l&rsquo;islam qu&rsquo;ils ont tort? Non. Parce que cette semaine, j&rsquo;ai appris qu&rsquo;un miracle est n\u00e9cessaire pour y parvenir. Les islamophobes sont des gens tr\u00e8s born\u00e9s qui ne sont pas int\u00e9ress\u00e9s \u00e0 avoir une conversation d\u00e9cente avec vous. Tout ce qu&rsquo;ils veulent, c&rsquo;est vous mettre en col\u00e8re et humilier votre religion. Ils vivent dans ce petit cocon rempli de haine, de peur et d&rsquo;ins\u00e9curit\u00e9. Mais chaque fois qu&rsquo;un islamophobe entame une conversation avec moi, j&rsquo;ai cette id\u00e9e utopique que je pourrais amener cette personne \u00e0 changer d&rsquo;avis. Mais \u00e0 la fin, vous commencez \u00e0 r\u00e9aliser que cette personne ne veut pas avoir de conversation avec vous. Ils n\u2019\u00e9coutent pas ce que vous avez \u00e0 dire. Tout ce qu&rsquo;ils veulent, c&rsquo;est essayer de faire valoir leur point de vue, ils n&rsquo;\u00e9coutent pas du tout ce que vous avez \u00e0 dire. Peu importe la qualit\u00e9 de vos arguments. Alors \u00e0 la place, je me rappelle de rester respectueux et calme. Ne nous abaissons pas au comportement de ces personnes.<\/p>\n<p><a href=\"http:\/\/mvslim.com\/how-i-feel-about-islamophobia-and-the-way-media-portrays-muslims\/\">Mvslim<\/a> | <a href=\"http:\/\/www.flickr.com\/photos\/26296445@N05\/4976544819\">Photo de Poster Boy<\/a> NYC<\/p>\n","protected":false},"excerpt":{"rendered":"<p>L&rsquo;islamophobie est la haine, la peur ou les pr\u00e9jug\u00e9s envers l&rsquo;islam et les musulmans. Les gens sont-ils n\u00e9s avec? Ce n&rsquo;est \u00e9videmment pas le cas. Je pense que l\u2019islamophobie est enseign\u00e9e de toute sa vie. C\u2019est un peu comme du racisme, personne n\u2019est n\u00e9 raciste, mais selon la fa\u00e7on dont les parents \u00e9l\u00e8vent une personne, [&hellip;]<\/p>\n","protected":false},"author":1,"featured_media":845,"comment_status":"open","ping_status":"open","sticky":false,"template":"","format":"standard","meta":{"_seopress_robots_primary_cat":"none","_seopress_titles_title":" %%post_title%% %%sep%% %%sitetitle%%","_seopress_titles_desc":"L&#039;islamophobie est la haine, la peur ou les pr\u00e9jug\u00e9s envers l&#039;islam et les musulmans. Les gens sont-ils n\u00e9s avec? Ce n&#039;est \u00e9videmment pas le cas.","_seopress_robots_index":"","footnotes":""},"categories":[5],"tags":[43,72,75],"class_list":["post-843","post","type-post","status-publish","format-standard","has-post-thumbnail","hentry","category-affaires-en-cours","tag-islamophobie","tag-terrorisme","tag-le-monde-occidental"],"_links":{"self":[{"href":"https:\/\/muslimmemo.com\/fr\/wp-json\/wp\/v2\/posts\/843","targetHints":{"allow":["GET"]}}],"collection":[{"href":"https:\/\/muslimmemo.com\/fr\/wp-json\/wp\/v2\/posts"}],"about":[{"href":"https:\/\/muslimmemo.com\/fr\/wp-json\/wp\/v2\/types\/post"}],"author":[{"embeddable":true,"href":"https:\/\/muslimmemo.com\/fr\/wp-json\/wp\/v2\/users\/1"}],"replies":[{"embeddable":true,"href":"https:\/\/muslimmemo.com\/fr\/wp-json\/wp\/v2\/comments?post=843"}],"version-history":[{"count":0,"href":"https:\/\/muslimmemo.com\/fr\/wp-json\/wp\/v2\/posts\/843\/revisions"}],"wp:featuredmedia":[{"embeddable":true,"href":"https:\/\/muslimmemo.com\/fr\/wp-json\/wp\/v2\/media\/845"}],"wp:attachment":[{"href":"https:\/\/muslimmemo.com\/fr\/wp-json\/wp\/v2\/media?parent=843"}],"wp:term":[{"taxonomy":"category","embeddable":true,"href":"https:\/\/muslimmemo.com\/fr\/wp-json\/wp\/v2\/categories?post=843"},{"taxonomy":"post_tag","embeddable":true,"href":"https:\/\/muslimmemo.com\/fr\/wp-json\/wp\/v2\/tags?post=843"}],"curies":[{"name":"wp","href":"https:\/\/api.w.org\/{rel}","templated":true}]}}