{"id":855,"date":"2015-05-22T11:50:14","date_gmt":"2015-05-22T10:50:14","guid":{"rendered":"https:\/\/fr.muslimmemo.com\/?p=855"},"modified":"2015-05-22T11:50:14","modified_gmt":"2015-05-22T10:50:14","slug":"admire-muhammad-repondre-islamophobes","status":"publish","type":"post","link":"https:\/\/muslimmemo.com\/fr\/admire-muhammad-repondre-islamophobes\/","title":{"rendered":"Pourquoi j&rsquo;admire Muhammad: r\u00e9pondre aux islamophobes"},"content":{"rendered":"<p>Les islamophobes m&rsquo;ont attaqu\u00e9 parce que j&rsquo;ai \u00e9crit de mani\u00e8re positive sur Muhammad (PSL), le proph\u00e8te de l&rsquo;islam. Parce que je suis catholique, ils me consid\u00e8rent comme h\u00e9r\u00e9tique et sentent que mes activit\u00e9s interconfessionnelles sont sacril\u00e8ges. L&rsquo;Islam, pour ces critiques, est le mal et Muhammad (PSL) n&rsquo;est rien d&rsquo;autre qu&rsquo;un terroriste. Je vois Muhammad (PSL) tr\u00e8s diff\u00e9remment de ces fanatiques. Cette courte pi\u00e8ce met en lumi\u00e8re son caract\u00e8re exemplaire et met les islamophobes au d\u00e9fi de penser diff\u00e9remment au proph\u00e8te.<\/p>\n<p><!--more--><\/p>\n<p>Une des raisons pour lesquelles j&rsquo;admire Muhammad (PSL) est qu&rsquo;il \u00e9tait un d\u00e9fenseur de l&rsquo;\u00e9galit\u00e9. Dans son dernier sermon au mont Arafat, il a d\u00e9clar\u00e9: \u00ab\u00a0Un arabe n&rsquo;a pas de sup\u00e9riorit\u00e9 sur un non-arabe, ni un non-arabe n&rsquo;a aucune sup\u00e9riorit\u00e9 sur un arabe\u2026 un blanc n&rsquo;a aucune sup\u00e9riorit\u00e9 sur un noir et un noir n&rsquo;a aucune sup\u00e9riorit\u00e9 sur un blanc sauf par pi\u00e9t\u00e9 et bonne action.\u00a0\u00bb Le sermon du proph\u00e8te a assur\u00e9 la libert\u00e9 de tous les peuples de la soci\u00e9t\u00e9. Son message d\u00e9mocratique pourrait \u00eatre consid\u00e9r\u00e9 comme un pr\u00e9curseur de la Constitution am\u00e9ricaine, qui d\u00e9fend des valeurs \u00e9galitaires similaires, et de la vision pluraliste des p\u00e8res fondateurs, tels que George Washington et Benjamin Franklin.<\/p>\n<p>J&rsquo;admire \u00e9galement le Proph\u00e8te Muhammad (PSL) parce qu&rsquo;il a plaid\u00e9 pour la tol\u00e9rance religieuse, en particulier envers les juifs et les chr\u00e9tiens. Dans le Trait\u00e9 de Maqnah, le Proph\u00e8te a dit aux adeptes du juda\u00efsme que \u00ab[vous] pouvez \u00eatre en paix\u2026 vous \u00eates en s\u00e9curit\u00e9 [sous mon r\u00e8gne]\u2026 envers vous, il n&rsquo;y a pas de mal ni d&rsquo;hostilit\u00e9.\u00bb Comme dans ses relations avec les juifs, Muhammad (PSL) voulait prot\u00e9ger les chr\u00e9tiens, qui sont \u00e9galement consid\u00e9r\u00e9s comme des personnes v\u00e9n\u00e9r\u00e9es par les musulmans. Dans une alliance qu&rsquo;il a conclue avec des moines chr\u00e9tiens au mont Sina\u00ef, Muhammad (PSL) a assur\u00e9 aux moines que les juges chr\u00e9tiens seraient prot\u00e9g\u00e9s et les \u00e9glises pr\u00e9serv\u00e9es. Les mots de l&rsquo;alliance d\u00e9clarent que les musulmans devraient consid\u00e9rer les juifs et les chr\u00e9tiens comme leurs fr\u00e8res et s\u0153urs qui sont enfants du Tout-Puissant. \u00c0 la lumi\u00e8re de ces trait\u00e9s et pactes, les r\u00e9centes attaques de l\u2019\u00c9tat islamique contre les minorit\u00e9s religieuses en Syrie et en Irak sont particuli\u00e8rement frappantes parce qu\u2019elles contredisent de mani\u00e8re flagrante l\u2019appel du Proph\u00e8te \u00e0 la tol\u00e9rance au sein de la tradition abrahamique.<\/p>\n<p>En \u00e9tendant la tol\u00e9rance religieuse aux non-musulmans, Muhammad (PSL) a d\u00e9fendu les droits de l&rsquo;homme. Le proph\u00e8te voulait que les femmes aient la libert\u00e9 afin qu&rsquo;elles puissent vivre le genre de vie qu&rsquo;elles d\u00e9sirent. Deux de ses plus proches compagnes d\u00e9montrent ce point. Sa premi\u00e8re femme, Khadija, \u00e9tait une marchande prosp\u00e8re qui dirigeait un commerce de caravanes florissant. Une autre des \u00e9pouses du Proph\u00e8te, Aisha, est devenue une \u00e9minente \u00e9rudit et juriste musulmane qui a \u00e9t\u00e9 la toute premi\u00e8re femme \u00e0 \u00e9tudier l\u2019islam. La relation qu&rsquo;il entretenait avec ses \u00e9pouses montra que le proph\u00e8te croyait que les femmes devraient assumer des r\u00f4les de premier plan dans la soci\u00e9t\u00e9 et participer \u00e0 des questions importantes li\u00e9es au droit et \u00e0 la politique. L&rsquo;int\u00e9gration de ces femmes dans la soci\u00e9t\u00e9 arabe d\u00e9montre que Muhammad (PSL) ne voulait pas que les femmes vivent isol\u00e9es, mais qu&rsquo;il voulait plut\u00f4t qu&rsquo;elles deviennent des membres actifs de la soci\u00e9t\u00e9.<\/p>\n<p>De plus petites choses en dehors de l&rsquo;\u00e9galit\u00e9, de la tol\u00e9rance religieuse et des droits de l&rsquo;homme me font \u00e9galement appr\u00e9cier le Proph\u00e8te Muhammad (PSL). Le Coran, tel que r\u00e9v\u00e9l\u00e9 \u00e0 Muhammad (PSL), dit aux musulmans de ne pas diffamer ni \u00eatre sarcastique envers les autres. Le proph\u00e8te croyait que les insultes \u00e9taient mauvaises et il encourageait ses disciples \u00e0 \u00eatre courtois dans leurs interactions avec les autres. Il nous a \u00e9galement enseign\u00e9 l&rsquo;importance de l&rsquo;humilit\u00e9 et il a encourag\u00e9 les musulmans et les non-musulmans \u00e0 \u00eatre humbles et \u00e0 prier.<\/p>\n<p>Les islamophobes qui ne voient pas la valeur des qualit\u00e9s de Muhammad (PSL) sont simplement born\u00e9s. Si le Proph\u00e8te \u00e9tait vivant, il leur montrerait mis\u00e9ricorde et compassion malgr\u00e9 leurs actions. Il leur dirait \u00e9galement de rechercher plus de connaissances.<\/p>\n<p><a href=\"http:\/\/mvslim.com\/why-i-admire-muhammad-a-response-to-islamophobes\/\">Mvslim<\/a> | Photo de <a href=\"http:\/\/www.flickr.com\/photos\/42708542@N00\/3804873214\">rstml<\/a><\/p>\n","protected":false},"excerpt":{"rendered":"<p>Les islamophobes m&rsquo;ont attaqu\u00e9 parce que j&rsquo;ai \u00e9crit de mani\u00e8re positive sur Muhammad (PSL), le proph\u00e8te de l&rsquo;islam. Parce que je suis catholique, ils me consid\u00e8rent comme h\u00e9r\u00e9tique et sentent que mes activit\u00e9s interconfessionnelles sont sacril\u00e8ges. L&rsquo;Islam, pour ces critiques, est le mal et Muhammad (PSL) n&rsquo;est rien d&rsquo;autre qu&rsquo;un terroriste. Je vois Muhammad (PSL) [&hellip;]<\/p>\n","protected":false},"author":1,"featured_media":857,"comment_status":"open","ping_status":"open","sticky":false,"template":"","format":"standard","meta":{"_seopress_robots_primary_cat":"none","_seopress_titles_title":" %%post_title%% %%sep%% %%sitetitle%%","_seopress_titles_desc":"Les islamophobes m&#039;ont attaqu\u00e9 parce que j&#039;ai \u00e9crit de mani\u00e8re positive sur Muhammad (PSL). Parce que je suis catholique, ils me consid\u00e8rent comme h\u00e9r\u00e9tique.","_seopress_robots_index":"","footnotes":""},"categories":[4],"tags":[43,60],"class_list":["post-855","post","type-post","status-publish","format-standard","has-post-thumbnail","hentry","category-islam","tag-islamophobie","tag-prophete-mohammed"],"_links":{"self":[{"href":"https:\/\/muslimmemo.com\/fr\/wp-json\/wp\/v2\/posts\/855","targetHints":{"allow":["GET"]}}],"collection":[{"href":"https:\/\/muslimmemo.com\/fr\/wp-json\/wp\/v2\/posts"}],"about":[{"href":"https:\/\/muslimmemo.com\/fr\/wp-json\/wp\/v2\/types\/post"}],"author":[{"embeddable":true,"href":"https:\/\/muslimmemo.com\/fr\/wp-json\/wp\/v2\/users\/1"}],"replies":[{"embeddable":true,"href":"https:\/\/muslimmemo.com\/fr\/wp-json\/wp\/v2\/comments?post=855"}],"version-history":[{"count":0,"href":"https:\/\/muslimmemo.com\/fr\/wp-json\/wp\/v2\/posts\/855\/revisions"}],"wp:featuredmedia":[{"embeddable":true,"href":"https:\/\/muslimmemo.com\/fr\/wp-json\/wp\/v2\/media\/857"}],"wp:attachment":[{"href":"https:\/\/muslimmemo.com\/fr\/wp-json\/wp\/v2\/media?parent=855"}],"wp:term":[{"taxonomy":"category","embeddable":true,"href":"https:\/\/muslimmemo.com\/fr\/wp-json\/wp\/v2\/categories?post=855"},{"taxonomy":"post_tag","embeddable":true,"href":"https:\/\/muslimmemo.com\/fr\/wp-json\/wp\/v2\/tags?post=855"}],"curies":[{"name":"wp","href":"https:\/\/api.w.org\/{rel}","templated":true}]}}