{"id":882,"date":"2015-05-13T13:13:14","date_gmt":"2015-05-13T12:13:14","guid":{"rendered":"https:\/\/fr.muslimmemo.com\/?p=882"},"modified":"2015-05-13T13:13:14","modified_gmt":"2015-05-13T12:13:14","slug":"semer-rajab-recolter-ramadan","status":"publish","type":"post","link":"https:\/\/muslimmemo.com\/fr\/semer-rajab-recolter-ramadan\/","title":{"rendered":"Semer \u00e0 Rajab pour r\u00e9colter pendant le Ramadan"},"content":{"rendered":"<p>Nous sommes d\u00e9j\u00e0 au mois de Rajab. Rajab a \u00e9t\u00e9 honor\u00e9 dans le Coran comme l&rsquo;un des quatre mois sacr\u00e9s.<\/p>\n<p>Quand ce mois est venu, le Proph\u00e8te (PSL) avait l&rsquo;habitude de faire une du&rsquo;a sp\u00e9ciale, \u00abAllahumma barik la naa fee Rajabi wa al-Sha&rsquo;baan wa ballighnaa Ramadan\u00bb &#8211; \u00abO Allah! b\u00e9nissez-nous \u00e0 Rajab et Sha\u2019baan et faites-nous atteindre le Ramadan. \u00bb Cela indique clairement que le Proph\u00e8te (PSL) a connect\u00e9 ces trois mois ensemble et a cherch\u00e9 les b\u00e9n\u00e9dictions sp\u00e9ciales d&rsquo;Allah dans les deux mois pr\u00e9c\u00e9dant le Ramadan.<\/p>\n<p>Rajab vient du mot racine Rajaba &#8211; \u00abrespecter\u00bb.<\/p>\n<p>Il existe de nombreux \u00e9v\u00e9nements historiques survenus au cours du mois de Rajab. Certains notables sont:<\/p>\n<ul>\n<li>Le Miraj du Proph\u00e8te (PSL), c&rsquo;est le plus important. Cet \u00e9v\u00e9nement s&rsquo;est produit la 27e nuit de Rajab.<\/li>\n<li>Bilal (RA) a amen\u00e9 400 hommes en pr\u00e9sence du Messager d&rsquo;Allah (PSL) et ils ont embrass\u00e9 l&rsquo;Islam.<\/li>\n<li>La prise de J\u00e9rusalem par le sultan Saladin.<\/li>\n<\/ul>\n<p>Il est louable de donner et de d\u00e9penser g\u00e9n\u00e9reusement \u00e0 la mani\u00e8re d\u2019Allah, cherchant Son plaisir en ce mois sacr\u00e9. Il est louable de s&rsquo;engager beaucoup dans le culte ce mois-ci. Il est \u00e9galement louable de je\u00fbner ce mois-ci.<\/p>\n<p>Il y a un hadith enregistr\u00e9 dans le Sunan de l&rsquo;Imam Abu Dawud dans lequel il est rapport\u00e9 que le Proph\u00e8te (PSL) a dit: \u00ab\u00a0Je\u00fbnez certains jours des mois sacr\u00e9s et pas d&rsquo;autres.\u00a0\u00bb Alors que nous je\u00fbnons aux jours d&rsquo;Achoura (Muharram), et que nous je\u00fbnons aux jours de Dhul Qa\u2019dah et de Dhul Hijjah, il est \u00e9galement louable de je\u00fbner aux jours de Rajab.<\/p>\n<p>Il est donc de la Sunna de je\u00fbner ce mois-ci. Cependant, il faut faire attention \u00e0 ne pas laisser le je\u00fbne de ce mois affecter le je\u00fbne deux mois plus tard, pendant le Ramadan. Pour certains, le je\u00fbne ce mois-ci peut affecter leur sant\u00e9 et tomber malades et devenir incapables de je\u00fbner pendant le Ramadan. Si l&rsquo;on est convaincu que cela ne se produira pas, alors on peut je\u00fbner. Le Proph\u00e8te (PSL) avait tellement l&rsquo;habitude de je\u00fbner \u00e0 Rajab que le Sahaba pensait qu&rsquo;il ne romprait jamais son je\u00fbne, et il avait l&rsquo;habitude de ne pas je\u00fbner autant ce mois-ci que le Sahaba pensait qu&rsquo;il ne je\u00fbnerait pas (encore une fois dans le mois).<\/p>\n<p>Gabriel (AS) a dit au Proph\u00e8te (PSL) lors de son voyage nocturne (Mi&rsquo;raj) \u00e0 propos de la rivi\u00e8re nomm\u00e9e Rajab, que quiconque je\u00fbne au mois de Rajab et envoie Salawat sur le Proph\u00e8te (PSL), il boira de cette rivi\u00e8re. .<\/p>\n<p>Nous pourrions donc commencer \u00e0 semer \u00e0 Rajab pour r\u00e9colter une plus grande r\u00e9colte pendant le Ramadan. Nous demandons \u00e0 Allah ses b\u00e9n\u00e9dictions sp\u00e9ciales en ce mois de la sienne. Tous les mois sont les siens, et les mois sacr\u00e9s sont aussi les siens, et celui-ci parmi les mois sacr\u00e9s, qui est li\u00e9 au Ramadan est encore plus \u00e0 lui. Nous demandons donc les b\u00e9n\u00e9dictions sp\u00e9ciales d\u2019Allah dans le mois b\u00e9ni qui suivra Rajab et nous Lui demandons \u00e9galement de nous faire atteindre le Ramadan.<\/p>\n","protected":false},"excerpt":{"rendered":"<p>Nous sommes d\u00e9j\u00e0 au mois de Rajab. Rajab a \u00e9t\u00e9 honor\u00e9 dans le Coran comme l&rsquo;un des quatre mois sacr\u00e9s. Quand ce mois est venu, le Proph\u00e8te (PSL) avait l&rsquo;habitude de faire une du&rsquo;a sp\u00e9ciale, \u00abAllahumma barik la naa fee Rajabi wa al-Sha&rsquo;baan wa ballighnaa Ramadan\u00bb &#8211; \u00abO Allah! b\u00e9nissez-nous \u00e0 Rajab et Sha\u2019baan et [&hellip;]<\/p>\n","protected":false},"author":1,"featured_media":884,"comment_status":"open","ping_status":"open","sticky":false,"template":"","format":"standard","meta":{"_seopress_robots_primary_cat":"none","_seopress_titles_title":" %%post_title%% %%sep%% %%sitetitle%%","_seopress_titles_desc":"Nous sommes d\u00e9j\u00e0 au mois de Rajab. Rajab a \u00e9t\u00e9 honor\u00e9 dans le Coran comme l&#039;un des quatre mois sacr\u00e9s.","_seopress_robots_index":"","footnotes":""},"categories":[4],"tags":[24,39,60,66],"class_list":["post-882","post","type-post","status-publish","format-standard","has-post-thumbnail","hentry","category-islam","tag-jeune","tag-calendrier-islamique","tag-prophete-mohammed","tag-ramadan"],"_links":{"self":[{"href":"https:\/\/muslimmemo.com\/fr\/wp-json\/wp\/v2\/posts\/882","targetHints":{"allow":["GET"]}}],"collection":[{"href":"https:\/\/muslimmemo.com\/fr\/wp-json\/wp\/v2\/posts"}],"about":[{"href":"https:\/\/muslimmemo.com\/fr\/wp-json\/wp\/v2\/types\/post"}],"author":[{"embeddable":true,"href":"https:\/\/muslimmemo.com\/fr\/wp-json\/wp\/v2\/users\/1"}],"replies":[{"embeddable":true,"href":"https:\/\/muslimmemo.com\/fr\/wp-json\/wp\/v2\/comments?post=882"}],"version-history":[{"count":0,"href":"https:\/\/muslimmemo.com\/fr\/wp-json\/wp\/v2\/posts\/882\/revisions"}],"wp:featuredmedia":[{"embeddable":true,"href":"https:\/\/muslimmemo.com\/fr\/wp-json\/wp\/v2\/media\/884"}],"wp:attachment":[{"href":"https:\/\/muslimmemo.com\/fr\/wp-json\/wp\/v2\/media?parent=882"}],"wp:term":[{"taxonomy":"category","embeddable":true,"href":"https:\/\/muslimmemo.com\/fr\/wp-json\/wp\/v2\/categories?post=882"},{"taxonomy":"post_tag","embeddable":true,"href":"https:\/\/muslimmemo.com\/fr\/wp-json\/wp\/v2\/tags?post=882"}],"curies":[{"name":"wp","href":"https:\/\/api.w.org\/{rel}","templated":true}]}}